{"id":1093,"date":"2013-01-07T22:42:25","date_gmt":"2013-01-07T21:42:25","guid":{"rendered":"http:\/\/www.sfbmec.fr\/?p=1093"},"modified":"2022-08-24T16:50:09","modified_gmt":"2022-08-24T14:50:09","slug":"hommage-jacques-picard","status":"publish","type":"post","link":"https:\/\/www.sfbmec.fr\/?p=1093","title":{"rendered":"Hommage : Jacques Picard"},"content":{"rendered":"<p><strong>Hommage \u00e0 Jacques Picard<\/strong><\/p>\n<p><img loading=\"lazy\" class=\"alignleft size-full wp-image-249\" title=\"image\" src=\"https:\/\/i0.wp.com\/www.sfbmec.fr\/wp\/wp-content\/uploads\/2013\/01\/Jacques_Picard_intermed.jpg?resize=214%2C262\" alt=\"\" width=\"214\" height=\"262\" data-recalc-dims=\"1\" \/><\/p>\n<p>Notre ami Jacques Picard vient de s\u2019\u00e9teindre le dimanche 16 d\u00e9cembre 2012, dans sa 89\u00e8me ann\u00e9e. Il laisse quelques amis et coll\u00e8gues encore en vie parmi ses contemporains pour lui rendre hommage.<br \/>\nUne profonde amiti\u00e9 et estime nous liait avec Jacques, depuis notre premi\u00e8re rencontre tout au d\u00e9but des ann\u00e9es 1950, dans le Service de Biochimie de l\u2019ancienne Facult\u00e9 de M\u00e9decine de Paris que dirigeait alors Michel Polonovski. Nous \u00e9tions pr\u00e9sents \u00e0 son agr\u00e9gation, examen s\u00e9rieux pass\u00e9 dans ce m\u00eame service en 1955, suivi par sa prise de fonction comme professeur de biochimie \u00e0 l\u2019Ecole Nationale de M\u00e9decine \u00e0 Tours (1955 \u2013 1962). C\u2019est en Touraine, \u00e0 Azay le Rideau que sa famille a ses racines par sa femme, n\u00e9e Anne-Marie Jacquet, rencontr\u00e9e par Jacques au cours de leurs \u00e9tudes de m\u00e9decine. La maison familiale d\u2019Azay le Rideau s\u2019est montr\u00e9e assez confortable pour accueillir les cinq enfants du couple Picard, dans l\u2019ordre : Isabelle, Odile, Fran\u00e7oise, Pierre-Emmanuel et Jean-Marc, une belle r\u00e9ussite familiale. Licenci\u00e9 \u00e8s Sciences en 1947, \u00e0 23 ans, Docteur en M\u00e9decine en 1950, Docteur \u00e8s Sciences Naturelles en 1955, Professeur Agr\u00e9g\u00e9 de Biochimie en 1955, le parcours universitaire de Jacques Picard est exemplaire, sans oublier qu\u2019il a \u00e9t\u00e9 combattant engag\u00e9 volontaire \u00e0 20 ans.<br \/>\nApr\u00e8s ses \u00e9tudes, il a assum\u00e9 des charges universitaires, \u00e0 Tours d\u2019abord, ensuite \u00e0 Paris au CHU St Anne, ainsi que des charges hospitalo-universitaires au m\u00eame CHU. Il a quitt\u00e9 ses charges hospitali\u00e8res en 1990.<br \/>\nNon moins impressionnant est son parcours de chercheur, \u00e0 l\u2019Institut National d\u2019Hygi\u00e8ne, devenu l\u2019INSERM. Entr\u00e9 en 1948 comme stagiaire de recherche il est devenu Directeur d\u2019Unit\u00e9 en 1978 jusqu\u2019\u00e0 sa retraite.<br \/>\nIl a \u00e9t\u00e9 Membre d\u2019un nombre important de Soci\u00e9t\u00e9s Savantes, et \u00e0 ce titre il a pr\u00e9sid\u00e9 la Soci\u00e9t\u00e9 Fran\u00e7aise du Tissu Conjonctif (1992 \u2013 1994) et la Soci\u00e9t\u00e9 de Biologie (1996 \u2013 1998) ainsi que la commission scientifique sp\u00e9cialis\u00e9e de l\u2019INSERM : nutrition, m\u00e9tabolisme, appareil digestif : physiologie, physiopathologie, pharmacologie, recherche clinique.<br \/>\nSes distinctions, largement m\u00e9rit\u00e9es, commencent par sa M\u00e9daille de Th\u00e8se \u00e0 Paris en 1950, suivie par le prix Jaff\u00e9 de l\u2019Universit\u00e9 de Paris en 1966, le Prix de l\u2019Acad\u00e9mie Nationale de M\u00e9decine en 1973, le prix Gustave Roussy de l\u2019Acad\u00e9mie de M\u00e9decine, prix quadriennal, en 1975. En 1992 il a \u00e9t\u00e9 fait Chevalier de la L\u00e9gion d\u2019Honneur. La liste de ses fonctions \u00e9lectives t\u00e9moigne de son d\u00e9vouement pour l\u2019administration de l\u2019Universit\u00e9 de Paris et des organismes de recherches, comprenant la charge de Doyen de la Facult\u00e9 de M\u00e9decine St.Antoine, la Pr\u00e9sidence du Comit\u00e9 Scientifique de l\u2019INSERM et d\u2019autres encore comme la fondation et la pr\u00e9sidence du Conseil National des Universit\u00e9s.<br \/>\nJacques Picard, pour parfaire ses connaissances scientifiques, a particip\u00e9 \u00e0 de nombreux colloques internationaux, en Angleterre, aux USA, ainsi qu\u2019\u00e0 des Gordon Research Conferences de sa sp\u00e9cialit\u00e9 : les macromol\u00e9cules de la matrice extracellulaire et en particulier les glycosaminoglycannes et les prot\u00e9oglycannes. C\u2019est d\u2019ailleurs nos activit\u00e9s scientifiques, de recherches qui nous ont rapproch\u00e9s, Jacques et moi. Parmi mes souvenirs l\u2019un en particulier reste profond\u00e9ment grav\u00e9 dans ma m\u00e9moire. Nous sommes all\u00e9s ensemble \u00e0 Londres pour participer \u00e0 une r\u00e9union de la Soci\u00e9t\u00e9 de Biochimie anglaise, riche encore en de grandes figures fondatrices de cette science, qui \u00e9tait la n\u00f4tre aussi, pour la plupart r\u00e9fugi\u00e9s d\u2019Europe Centrale. Avant le colloque, nous avions rendez-vous avec un de ces grands biochimistes que Jacques connaissait bien, le Prof. Neuberger, fait r\u00e9cemment Commandeur de l\u2019Empire Britannique par la Reine. Etant en avance, nous nous sommes allong\u00e9s \u00e0 l\u2019ombre d\u2019un arbre, dans l\u2019herbe de Hyde Park, pour passer le temps et \u00e9changer des souvenirs de nos parcours, sous un soleil radieux de fin de printemps. Nous \u00e9tions chaleureusement re\u00e7us par le Prof. Neuberger qui connaissait et appr\u00e9ciait les travaux de Jacques.<br \/>\nLa carri\u00e8re d\u2019enseignant de Jacques Picard, dont l\u2019\u00e9num\u00e9ration remplirait une page enti\u00e8re, t\u00e9moigne de son enthousiasme de transmettre son savoir biologique et m\u00e9dical \u00e0 la jeune g\u00e9n\u00e9ration d\u2019\u00e9tudiants de la facult\u00e9 qu\u2019il a dirig\u00e9s au CHU St Antoine et en dehors, aussi bien au cours des \u00e9tudes m\u00e9dicales que scientifiques au niveau du 3\u00e8 cycle et post-universitaire.<br \/>\nQuant aux th\u00e8mes abord\u00e9es au sein de son Unit\u00e9 de Recherche, il convient d\u2019insister sur leurs \u00e9troite imbrication dans les grands probl\u00e8mes m\u00e9dicaux, comme les m\u00e9canismes de la min\u00e9ralisation osseuse, la s\u00e9cr\u00e9tion des mucines \u00e9pith\u00e9liales source d\u2019obstruction bronchique dans la mucoviscidose, les anomalies du m\u00e9tabolisme des lipoprot\u00e9ines sanguines avec la mise en \u00e9vidence de nouvelles entit\u00e9s pathologiques, ainsi que le m\u00e9canisme de la fonction de l\u2019insuline, perturb\u00e9e dans le diab\u00e8te, en abordant l\u2019\u00e9tude du r\u00f4le central du r\u00e9cepteur de l\u2019insuline. Mais ce sont certainement les travaux de l\u2019\u00e9quipe du Professeur Picard dans le domaine de la biologie et de la pathologie des tissus conjonctifs (la matrice extracellulaire) qui ont le plus contribu\u00e9 \u00e0 sa reconnaissance internationale. Les \u00e9tapes les plus remarquables de ces recherches ont \u00e9t\u00e9 l\u2019\u00e9tude des glycoconjug\u00e9s de l\u2019oviducte et de l\u2019ut\u00e9rus, puis celles des glycosaminoglycannes (mucopolysaccharides acides) et prot\u00e9oglycannes, leur biosynth\u00e8se, les m\u00e9canismes de leur sulfatation et, intuition remarquable, leur r\u00f4le comme r\u00e9cepteurs au niveau des membranes cellulaires. De nombreuses invitations pour des conf\u00e9rences \u00e0 des colloques et congr\u00e8s internationaux ont confirm\u00e9 l\u2019importance de ces d\u00e9couvertes. C\u2019est aussi gr\u00e2ce \u00e0 ces travaux de haut niveau international que les \u00e9l\u00e8ves du Professeur Picard ont \u00e9t\u00e9 accueillis apr\u00e8s sa retraite dans d\u2019autres services, leur assurant des carri\u00e8res dignes de leur formation.<br \/>\nNotons aussi la tr\u00e8s haute tenue de la pr\u00e9sidence de Jacques Picard de la Soci\u00e9t\u00e9 de Biologie comme en t\u00e9moigne son discours lors de sa r\u00e9union solennelle pour la c\u00e9l\u00e9bration du cent- cinquantenaire de sa fondation par Claude Bernard et ses coll\u00e8gues (C.R.Soc.Biol. 1998, 192, 781 \u2013 783).<br \/>\nSes obs\u00e8ques, c\u00e9l\u00e9br\u00e9es dans l\u2019intimit\u00e9 familiale, en pr\u00e9sence de proches anciens collaborateurs ont cl\u00f4tur\u00e9 la vie exemplaire d\u2019un grand universitaire et chercheur.<br \/>\nAu nom de tous les Membres de la Soci\u00e9t\u00e9 Fran\u00e7aise de la Biologie de la Matrice Extracellulaire, nous adressons \u00e0 sa femme, ses enfants et \u00e0 ses proches nos sinc\u00e8res condol\u00e9ances.<\/p>\n<p>L. Robert<\/p>\n<div class=\"sharedaddy sd-sharing-enabled\"><div class=\"robots-nocontent sd-block sd-social sd-social-icon-text sd-sharing\"><h3 class=\"sd-title\">Partager :<\/h3><div class=\"sd-content\"><ul><li class=\"share-email\"><a rel=\"nofollow noopener noreferrer\" data-shared=\"\" class=\"share-email sd-button share-icon\" href=\"https:\/\/www.sfbmec.fr\/?p=1093&amp;share=email\" target=\"_blank\" title=\"Cliquez pour envoyer par e-mail \u00e0 un ami\"><span>E-mail<\/span><\/a><\/li><li class=\"share-twitter\"><a rel=\"nofollow noopener noreferrer\" data-shared=\"sharing-twitter-1093\" class=\"share-twitter sd-button share-icon\" href=\"https:\/\/www.sfbmec.fr\/?p=1093&amp;share=twitter\" target=\"_blank\" title=\"Cliquez pour partager sur Twitter\"><span>Twitter<\/span><\/a><\/li><li class=\"share-facebook\"><a rel=\"nofollow noopener noreferrer\" data-shared=\"sharing-facebook-1093\" class=\"share-facebook sd-button share-icon\" href=\"https:\/\/www.sfbmec.fr\/?p=1093&amp;share=facebook\" target=\"_blank\" title=\"Cliquez pour partager sur Facebook\"><span>Facebook<\/span><\/a><\/li><li class=\"share-linkedin\"><a rel=\"nofollow noopener noreferrer\" data-shared=\"sharing-linkedin-1093\" class=\"share-linkedin sd-button share-icon\" href=\"https:\/\/www.sfbmec.fr\/?p=1093&amp;share=linkedin\" target=\"_blank\" title=\"Cliquez pour partager sur LinkedIn\"><span>LinkedIn<\/span><\/a><\/li><li class=\"share-end\"><\/li><\/ul><\/div><\/div><\/div>","protected":false},"excerpt":{"rendered":"<p>Hommage \u00e0 Jacques Picard Notre ami Jacques Picard vient de s\u2019\u00e9teindre le dimanche 16 d\u00e9cembre 2012, dans sa 89\u00e8me ann\u00e9e. Il laisse quelques amis et coll\u00e8gues encore en vie parmi ses contemporains pour lui rendre hommage. Une profonde amiti\u00e9 et &hellip; <a href=\"https:\/\/www.sfbmec.fr\/?p=1093\">Continuer la lecture <span class=\"meta-nav\">&rarr;<\/span><\/a><\/p>\n<div class=\"sharedaddy sd-sharing-enabled\"><div class=\"robots-nocontent sd-block sd-social sd-social-icon-text sd-sharing\"><h3 class=\"sd-title\">Partager :<\/h3><div class=\"sd-content\"><ul><li class=\"share-email\"><a rel=\"nofollow noopener noreferrer\" data-shared=\"\" class=\"share-email sd-button share-icon\" href=\"https:\/\/www.sfbmec.fr\/?p=1093&amp;share=email\" target=\"_blank\" title=\"Cliquez pour envoyer par e-mail \u00e0 un ami\"><span>E-mail<\/span><\/a><\/li><li class=\"share-twitter\"><a rel=\"nofollow noopener noreferrer\" data-shared=\"sharing-twitter-1093\" class=\"share-twitter sd-button share-icon\" href=\"https:\/\/www.sfbmec.fr\/?p=1093&amp;share=twitter\" target=\"_blank\" title=\"Cliquez pour partager sur Twitter\"><span>Twitter<\/span><\/a><\/li><li class=\"share-facebook\"><a rel=\"nofollow noopener noreferrer\" data-shared=\"sharing-facebook-1093\" class=\"share-facebook sd-button share-icon\" href=\"https:\/\/www.sfbmec.fr\/?p=1093&amp;share=facebook\" target=\"_blank\" title=\"Cliquez pour partager sur Facebook\"><span>Facebook<\/span><\/a><\/li><li class=\"share-linkedin\"><a rel=\"nofollow noopener noreferrer\" data-shared=\"sharing-linkedin-1093\" class=\"share-linkedin sd-button share-icon\" href=\"https:\/\/www.sfbmec.fr\/?p=1093&amp;share=linkedin\" target=\"_blank\" title=\"Cliquez pour partager sur LinkedIn\"><span>LinkedIn<\/span><\/a><\/li><li class=\"share-end\"><\/li><\/ul><\/div><\/div><\/div>","protected":false},"author":1,"featured_media":1095,"comment_status":"open","ping_status":"open","sticky":false,"template":"","format":"standard","meta":{"spay_email":""},"categories":[35],"tags":[],"jetpack_featured_media_url":"","jetpack_sharing_enabled":true,"jetpack_shortlink":"https:\/\/wp.me\/p3JW17-hD","_links":{"self":[{"href":"https:\/\/www.sfbmec.fr\/index.php?rest_route=\/wp\/v2\/posts\/1093"}],"collection":[{"href":"https:\/\/www.sfbmec.fr\/index.php?rest_route=\/wp\/v2\/posts"}],"about":[{"href":"https:\/\/www.sfbmec.fr\/index.php?rest_route=\/wp\/v2\/types\/post"}],"author":[{"embeddable":true,"href":"https:\/\/www.sfbmec.fr\/index.php?rest_route=\/wp\/v2\/users\/1"}],"replies":[{"embeddable":true,"href":"https:\/\/www.sfbmec.fr\/index.php?rest_route=%2Fwp%2Fv2%2Fcomments&post=1093"}],"version-history":[{"count":3,"href":"https:\/\/www.sfbmec.fr\/index.php?rest_route=\/wp\/v2\/posts\/1093\/revisions"}],"predecessor-version":[{"id":2178,"href":"https:\/\/www.sfbmec.fr\/index.php?rest_route=\/wp\/v2\/posts\/1093\/revisions\/2178"}],"wp:featuredmedia":[{"embeddable":true,"href":"https:\/\/www.sfbmec.fr\/index.php?rest_route=\/wp\/v2\/media\/1095"}],"wp:attachment":[{"href":"https:\/\/www.sfbmec.fr\/index.php?rest_route=%2Fwp%2Fv2%2Fmedia&parent=1093"}],"wp:term":[{"taxonomy":"category","embeddable":true,"href":"https:\/\/www.sfbmec.fr\/index.php?rest_route=%2Fwp%2Fv2%2Fcategories&post=1093"},{"taxonomy":"post_tag","embeddable":true,"href":"https:\/\/www.sfbmec.fr\/index.php?rest_route=%2Fwp%2Fv2%2Ftags&post=1093"}],"curies":[{"name":"wp","href":"https:\/\/api.w.org\/{rel}","templated":true}]}}